{"id":13575,"date":"2019-02-05T08:05:42","date_gmt":"2019-02-05T07:05:42","guid":{"rendered":"https:\/\/www.careldemari.nl\/weblog\/?p=13575"},"modified":"2019-02-05T09:31:44","modified_gmt":"2019-02-05T08:31:44","slug":"costa-adeje","status":"publish","type":"post","link":"https:\/\/www.careldemari.nl\/weblog\/uncategorized\/costa-adeje\/","title":{"rendered":"Costa Adeje"},"content":{"rendered":"<p>Licht genoeg hier. Of, eigenlijk, veel te veel. Het heeft hier alles weg van een Amerikaans huis in de Kersttijd. Stilstaand licht maar ook complete licht shows. Het kan niet op.<\/p>\n<p>We zitten op Tenerife, Costa Adeje om preciezer te zijn, vastgebouwd aan Playa de Las Am\u00e9ricas dat weer vastzit aan Los Christanos, een van oorsprong vissersdorp waar Columbus voor de grote overtocht gebunkerd heeft. Een klein stukje authentiek, de rest sinds de zestiger jaren ten behoeve van het toerisme neergezet. Een jaar of twaalf geleden waren we hier ook. Soms herkennen we iets, we vonden bijvoorbeeld ons hotel van toen terug. Maar het winkelcentrum dat er voor stond is volledig vernieuwd, onherkenbaar. De weekmarkt daar weer voor lijkt volledig onveranderd. Dezelfde rijen, kraampjes, dezelfde (soort) verkopers, dezelfde handel. Maar veel ook is er veranderd, veel nieuwbouw. De stranden hebben nu een laag Saharazand, zijn niet zwart meer.<\/p>\n<p>Zon en oceaan zijn hetzelfde gebleven. We hebben hier weer prima weer en komen vast bruiner terug dan we heen gingen. Nog een paar dagen, dan zoeken we de Hollandse kwakkelwinter weer op.<\/p>\n","protected":false},"excerpt":{"rendered":"<p>Licht genoeg hier. Of, eigenlijk, veel te veel. Het heeft hier alles weg van een Amerikaans huis in de Kersttijd. Stilstaand licht maar ook complete licht shows. Het kan niet op. We zitten op Tenerife, Costa Adeje om preciezer te zijn, vastgebouwd aan Playa de Las Am\u00e9ricas dat weer vastzit aan Los Christanos, een van&#8230; <a class=\"more-link\" href=\"https:\/\/www.careldemari.nl\/weblog\/uncategorized\/costa-adeje\/#more-13575\">Lees verder &rarr;<\/a><\/p>\n","protected":false},"author":1,"featured_media":13573,"comment_status":"open","ping_status":"open","sticky":false,"template":"","format":"standard","meta":{"jetpack_post_was_ever_published":false,"_jetpack_newsletter_access":"","_jetpack_dont_email_post_to_subs":false,"_jetpack_newsletter_tier_id":0,"_jetpack_memberships_contains_paywalled_content":false,"_jetpack_memberships_contains_paid_content":false,"footnotes":"","jetpack_publicize_message":"","jetpack_publicize_feature_enabled":true,"jetpack_social_post_already_shared":true,"jetpack_social_options":{"image_generator_settings":{"template":"highway","default_image_id":0,"font":"","enabled":false},"version":2}},"categories":[1],"tags":[],"class_list":["post-13575","post","type-post","status-publish","format-standard","has-post-thumbnail","hentry","category-uncategorized","clear"],"jetpack_publicize_connections":[],"jetpack_featured_media_url":"https:\/\/i0.wp.com\/www.careldemari.nl\/weblog\/wp-content\/uploads\/2019\/02\/IMG_20190204_203344135.jpg?fit=1024%2C443&ssl=1","jetpack_sharing_enabled":true,"jetpack_shortlink":"https:\/\/wp.me\/p5Ubpg-3wX","jetpack-related-posts":[{"id":17855,"url":"https:\/\/www.careldemari.nl\/weblog\/geloof-me-maar\/wij-willen-zon\/","url_meta":{"origin":13575,"position":0},"title":"Wij willen zon!","author":"carel de mari","date":"28 jan 2022","format":false,"excerpt":"Met een spandoek, vol chocoladeletters zijn we in gedachte de straat opgegaan. Grijze dagen, afnemende druk door corona, de wens weer eens de zon op te zoeken groeide met de dag. Het is al meer dan twee jaar geleden dat we de tot dan gebruikelijk zonvakantie op een van de\u2026","rel":"","context":"In &quot;geloof me maar&quot;","block_context":{"text":"geloof me maar","link":"https:\/\/www.careldemari.nl\/weblog\/category\/geloof-me-maar\/"},"img":{"alt_text":"","src":"https:\/\/i0.wp.com\/www.careldemari.nl\/weblog\/wp-content\/uploads\/2022\/01\/IMG_20220127_220926548_PORTRAIT.jpg?fit=1024%2C940&ssl=1&resize=350%2C200","width":350,"height":200,"srcset":"https:\/\/i0.wp.com\/www.careldemari.nl\/weblog\/wp-content\/uploads\/2022\/01\/IMG_20220127_220926548_PORTRAIT.jpg?fit=1024%2C940&ssl=1&resize=350%2C200 1x, https:\/\/i0.wp.com\/www.careldemari.nl\/weblog\/wp-content\/uploads\/2022\/01\/IMG_20220127_220926548_PORTRAIT.jpg?fit=1024%2C940&ssl=1&resize=525%2C300 1.5x, https:\/\/i0.wp.com\/www.careldemari.nl\/weblog\/wp-content\/uploads\/2022\/01\/IMG_20220127_220926548_PORTRAIT.jpg?fit=1024%2C940&ssl=1&resize=700%2C400 2x"},"classes":[]},{"id":18077,"url":"https:\/\/www.careldemari.nl\/weblog\/geloof-me-maar\/18077\/","url_meta":{"origin":13575,"position":1},"title":"Een &#8216;vakantiedagje&#8217;","author":"carel de mari","date":"25 mrt 2022","format":false,"excerpt":"Vorige week zaterdag zouden we naar Malaga vliegen. Het plan was te genieten van twee weken zon aan de Costa del Sol. We moesten voor het eerst gebruik maken van onze doorlopende annuleringsverzekering. Onze keus was op Spanje gevallen omdat we echt even wat zon moesten hebben na die coronajaren\u2026","rel":"","context":"In &quot;geloof me maar&quot;","block_context":{"text":"geloof me maar","link":"https:\/\/www.careldemari.nl\/weblog\/category\/geloof-me-maar\/"},"img":{"alt_text":"","src":"https:\/\/i0.wp.com\/www.careldemari.nl\/weblog\/wp-content\/uploads\/2021\/11\/Lopikerwaard.jpg?fit=564%2C758&ssl=1&resize=350%2C200","width":350,"height":200,"srcset":"https:\/\/i0.wp.com\/www.careldemari.nl\/weblog\/wp-content\/uploads\/2021\/11\/Lopikerwaard.jpg?fit=564%2C758&ssl=1&resize=350%2C200 1x, https:\/\/i0.wp.com\/www.careldemari.nl\/weblog\/wp-content\/uploads\/2021\/11\/Lopikerwaard.jpg?fit=564%2C758&ssl=1&resize=525%2C300 1.5x"},"classes":[]},{"id":19017,"url":"https:\/\/www.careldemari.nl\/weblog\/even-serieus\/portret-schilderen-in-het-crea-circuit\/","url_meta":{"origin":13575,"position":2},"title":"Portret schilderen in het crea circuit","author":"carel de mari","date":"19 nov 2022","format":false,"excerpt":"Op de school van onze kleinkinderen organiseren ze drie keer per jaar een crea circuit. Kinderen uit de bovenbouw kunnen zich opgeven voor een activiteit naar keuze. Ze kiezen uit een uitgebreid programma, de workshops worden gegeven door het onderwijzend personeel, maar ook door (groot)ouders van de leerlingen. In een\u2026","rel":"","context":"In &quot;even serieus&quot;","block_context":{"text":"even serieus","link":"https:\/\/www.careldemari.nl\/weblog\/category\/even-serieus\/"},"img":{"alt_text":"","src":"https:\/\/i0.wp.com\/www.careldemari.nl\/weblog\/wp-content\/uploads\/2022\/11\/wp-1668789679765.jpg?fit=1024%2C768&ssl=1&resize=350%2C200","width":350,"height":200,"srcset":"https:\/\/i0.wp.com\/www.careldemari.nl\/weblog\/wp-content\/uploads\/2022\/11\/wp-1668789679765.jpg?fit=1024%2C768&ssl=1&resize=350%2C200 1x, https:\/\/i0.wp.com\/www.careldemari.nl\/weblog\/wp-content\/uploads\/2022\/11\/wp-1668789679765.jpg?fit=1024%2C768&ssl=1&resize=525%2C300 1.5x, https:\/\/i0.wp.com\/www.careldemari.nl\/weblog\/wp-content\/uploads\/2022\/11\/wp-1668789679765.jpg?fit=1024%2C768&ssl=1&resize=700%2C400 2x"},"classes":[]},{"id":15866,"url":"https:\/\/www.careldemari.nl\/weblog\/geloof-me-maar\/ingesleten-gewoonte\/","url_meta":{"origin":13575,"position":3},"title":"Ingesleten gewoonte","author":"carel de mari","date":"30 jul 2020","format":false,"excerpt":"Op de aanrecht moeten drie apparaten het gebruik van twee stopcontacten delen. Een situatie die al jaren bestaat en nooit tot enig probleem leidde. De koffiemachine gebruikt het rechter, waterkoker en Senseo delen het linker stopcontact. Niet dat we dat afgesproken hebben, gewoon een automatisme. Al jaren dus maar gistermorgen\u2026","rel":"","context":"In &quot;geloof me maar&quot;","block_context":{"text":"geloof me maar","link":"https:\/\/www.careldemari.nl\/weblog\/category\/geloof-me-maar\/"},"img":{"alt_text":"","src":"https:\/\/i0.wp.com\/www.careldemari.nl\/weblog\/wp-content\/uploads\/2020\/07\/wp-1596059440479.jpg?fit=1024%2C768&ssl=1&resize=350%2C200","width":350,"height":200,"srcset":"https:\/\/i0.wp.com\/www.careldemari.nl\/weblog\/wp-content\/uploads\/2020\/07\/wp-1596059440479.jpg?fit=1024%2C768&ssl=1&resize=350%2C200 1x, https:\/\/i0.wp.com\/www.careldemari.nl\/weblog\/wp-content\/uploads\/2020\/07\/wp-1596059440479.jpg?fit=1024%2C768&ssl=1&resize=525%2C300 1.5x, https:\/\/i0.wp.com\/www.careldemari.nl\/weblog\/wp-content\/uploads\/2020\/07\/wp-1596059440479.jpg?fit=1024%2C768&ssl=1&resize=700%2C400 2x"},"classes":[]},{"id":5352,"url":"https:\/\/www.careldemari.nl\/weblog\/swos-2\/stichting-swos-wil-steentje-bijdragen\/","url_meta":{"origin":13575,"position":4},"title":"Stichting SWOS draagt steentje bij aan zorgtaken","author":"carel de mari","date":"13 dec 2014","format":false,"excerpt":"In Het Kontakt, huis-aan-huisblad hier in de regio, stond deze week onder andere een interview met mij over de rol die onze\u00a0welzijnsstichting\u00a0kan en wil spelen. Op dezelfde pagina werd uitgebreid aandacht besteed aan de\u00a0offici\u00eble\u00a0ingebruikname van de belbus, een door de SWOS voorbereid initiatief. Voor wie dit blad niet ontvangt hieronder\u2026","rel":"","context":"In &quot;SWOS&quot;","block_context":{"text":"SWOS","link":"https:\/\/www.careldemari.nl\/weblog\/category\/swos-2\/"},"img":{"alt_text":"Kontakt 201412","src":"https:\/\/careldemari.files.wordpress.com\/2014\/12\/kontakt-201412-e1418478061442.jpg?w=350&h=200&crop=1","width":350,"height":200,"srcset":"https:\/\/careldemari.files.wordpress.com\/2014\/12\/kontakt-201412-e1418478061442.jpg?w=350&h=200&crop=1 1x, https:\/\/careldemari.files.wordpress.com\/2014\/12\/kontakt-201412-e1418478061442.jpg?w=525&h=300&crop=1 1.5x"},"classes":[]},{"id":24124,"url":"https:\/\/www.careldemari.nl\/weblog\/even-serieus\/eendracht-maakt-macht\/","url_meta":{"origin":13575,"position":5},"title":"Eendracht maakt macht","author":"carel de mari","date":"27 okt 2025","format":false,"excerpt":"Eendracht maakt macht, samen staan we sterk. United we stand, de handen ineen staan, \u00e9\u00e9n blok vormen. Aan de andere kant, Hardinxveld Giessendam had (heeft nog?) twee\u00ebndertig kerken om dezelfde god aan te roepen, simpel omdat ze niet allemaal tot op het kleinste detail hetzelfde over hun geloof denken. In\u2026","rel":"","context":"In &quot;even serieus&quot;","block_context":{"text":"even serieus","link":"https:\/\/www.careldemari.nl\/weblog\/category\/even-serieus\/"},"img":{"alt_text":"","src":"https:\/\/i0.wp.com\/www.careldemari.nl\/weblog\/wp-content\/uploads\/2025\/10\/wp-17614940546447921119818403485178.jpg?fit=1024%2C639&ssl=1&resize=350%2C200","width":350,"height":200,"srcset":"https:\/\/i0.wp.com\/www.careldemari.nl\/weblog\/wp-content\/uploads\/2025\/10\/wp-17614940546447921119818403485178.jpg?fit=1024%2C639&ssl=1&resize=350%2C200 1x, https:\/\/i0.wp.com\/www.careldemari.nl\/weblog\/wp-content\/uploads\/2025\/10\/wp-17614940546447921119818403485178.jpg?fit=1024%2C639&ssl=1&resize=525%2C300 1.5x, https:\/\/i0.wp.com\/www.careldemari.nl\/weblog\/wp-content\/uploads\/2025\/10\/wp-17614940546447921119818403485178.jpg?fit=1024%2C639&ssl=1&resize=700%2C400 2x"},"classes":[]}],"jetpack_likes_enabled":true,"_links":{"self":[{"href":"https:\/\/www.careldemari.nl\/weblog\/wp-json\/wp\/v2\/posts\/13575","targetHints":{"allow":["GET"]}}],"collection":[{"href":"https:\/\/www.careldemari.nl\/weblog\/wp-json\/wp\/v2\/posts"}],"about":[{"href":"https:\/\/www.careldemari.nl\/weblog\/wp-json\/wp\/v2\/types\/post"}],"author":[{"embeddable":true,"href":"https:\/\/www.careldemari.nl\/weblog\/wp-json\/wp\/v2\/users\/1"}],"replies":[{"embeddable":true,"href":"https:\/\/www.careldemari.nl\/weblog\/wp-json\/wp\/v2\/comments?post=13575"}],"version-history":[{"count":1,"href":"https:\/\/www.careldemari.nl\/weblog\/wp-json\/wp\/v2\/posts\/13575\/revisions"}],"predecessor-version":[{"id":13576,"href":"https:\/\/www.careldemari.nl\/weblog\/wp-json\/wp\/v2\/posts\/13575\/revisions\/13576"}],"wp:featuredmedia":[{"embeddable":true,"href":"https:\/\/www.careldemari.nl\/weblog\/wp-json\/wp\/v2\/media\/13573"}],"wp:attachment":[{"href":"https:\/\/www.careldemari.nl\/weblog\/wp-json\/wp\/v2\/media?parent=13575"}],"wp:term":[{"taxonomy":"category","embeddable":true,"href":"https:\/\/www.careldemari.nl\/weblog\/wp-json\/wp\/v2\/categories?post=13575"},{"taxonomy":"post_tag","embeddable":true,"href":"https:\/\/www.careldemari.nl\/weblog\/wp-json\/wp\/v2\/tags?post=13575"}],"curies":[{"name":"wp","href":"https:\/\/api.w.org\/{rel}","templated":true}]}}