{"id":13596,"date":"2019-02-09T08:01:31","date_gmt":"2019-02-09T07:01:31","guid":{"rendered":"https:\/\/www.careldemari.nl\/weblog\/?p=13596"},"modified":"2019-02-10T13:34:44","modified_gmt":"2019-02-10T12:34:44","slug":"de-regahs","status":"publish","type":"post","link":"https:\/\/www.careldemari.nl\/weblog\/geloof-me-maar\/de-regahs\/","title":{"rendered":"De R\u00e8g\u00e2hs"},"content":{"rendered":"<p>De B\u00e8tels &amp; de Stenuh, Haags voor beitels en stenen maar in dit geval voor Beatles en Stones. En het waren inderdaad nummers van die twee bands. Maar wel hertaald, ofwel van nieuwe tekst voorzien, in plat Haags. Pretentieloos cabaretesk maar leuk!<\/p>\n<p>Waarom dan dat plaatje van die flamencodanseres erbij? Terechte vraag. De R\u00e8g\u00e2hs zijn van oorsprong een flamenco groep, ook dan al met Haagse teksten. En zelfs in de nummers van die ouwe rockers klinkt herhaaldelijk de Spaanse gitaar door. Gitaarbattles, begeleid door flamencodans vullen de gaatjes. En dat maakt het al met al tot een gezellig en vermakelijk avondje Goudse Schouwburg.<\/p>\n<p>En r\u00e8g\u00e2h is Haags voor reiger ?.<\/p>\n","protected":false},"excerpt":{"rendered":"<p>De B\u00e8tels &amp; de Stenuh, Haags voor beitels en stenen maar in dit geval voor Beatles en Stones. En het waren inderdaad nummers van die twee bands. Maar wel hertaald, ofwel van nieuwe tekst voorzien, in plat Haags. Pretentieloos cabaretesk maar leuk! Waarom dan dat plaatje van die flamencodanseres erbij? Terechte vraag. De R\u00e8g\u00e2hs zijn&#8230; <a class=\"more-link\" href=\"https:\/\/www.careldemari.nl\/weblog\/geloof-me-maar\/de-regahs\/#more-13596\">Lees verder &rarr;<\/a><\/p>\n","protected":false},"author":1,"featured_media":13354,"comment_status":"open","ping_status":"open","sticky":false,"template":"","format":"standard","meta":{"jetpack_post_was_ever_published":false,"_jetpack_newsletter_access":"","_jetpack_dont_email_post_to_subs":false,"_jetpack_newsletter_tier_id":0,"_jetpack_memberships_contains_paywalled_content":false,"_jetpack_memberships_contains_paid_content":false,"footnotes":"","jetpack_publicize_message":"","jetpack_publicize_feature_enabled":true,"jetpack_social_post_already_shared":true,"jetpack_social_options":{"image_generator_settings":{"template":"highway","default_image_id":0,"font":"","enabled":false},"version":2}},"categories":[8],"tags":[],"class_list":["post-13596","post","type-post","status-publish","format-standard","has-post-thumbnail","hentry","category-geloof-me-maar","clear"],"jetpack_publicize_connections":[],"jetpack_featured_media_url":"https:\/\/i0.wp.com\/www.careldemari.nl\/weblog\/wp-content\/uploads\/2018\/12\/danseres1.jpg?fit=564%2C728&ssl=1","jetpack_sharing_enabled":true,"jetpack_shortlink":"https:\/\/wp.me\/p5Ubpg-3xi","jetpack-related-posts":[{"id":2545,"url":"https:\/\/www.careldemari.nl\/weblog\/uit\/mijn-duim\/dagje-hofstad\/","url_meta":{"origin":13596,"position":0},"title":"Dagje Hofstad","author":"carel de mari","date":"29 mrt 2013","format":false,"excerpt":"Station Gouda De acht dames van zeg maar 70 plus vormen een uitgelaten stel. Klaar voor een dagje Den Haag, de gedachten gaan terug naar de schoolreisjes van vroeger, hun houding is navenant. Ze doen het wel meer, samen iets ondernemen. Om beurten organiseren ze een uitje, een workshop of\u2026","rel":"","context":"In &quot;mijn duim&quot;","block_context":{"text":"mijn duim","link":"https:\/\/www.careldemari.nl\/weblog\/category\/uit\/mijn-duim\/"},"img":{"alt_text":"","src":"","width":0,"height":0},"classes":[]},{"id":3494,"url":"https:\/\/www.careldemari.nl\/weblog\/nostalgie\/niets-veranderd\/","url_meta":{"origin":13596,"position":1},"title":"Niets veranderd","author":"carel de mari","date":"6 nov 2013","format":false,"excerpt":"Wat een lief jochie, vind je ook niet? Deze foto stamt nog uit de tijd dat foto's door een fotograaf gemaakt werden. In dit geval een foto van een baby uit Vreeswijk (nu Nieuwegein-Zuid) die daarvoor helemaal naar Den Haag moest, naar Foto Wilfi. Google dat maar niet, er wordt\u2026","rel":"","context":"In &quot;Nostalgie&quot;","block_context":{"text":"Nostalgie","link":"https:\/\/www.careldemari.nl\/weblog\/category\/nostalgie\/"},"img":{"alt_text":"scannen0002","src":"https:\/\/careldemari.files.wordpress.com\/2013\/11\/scannen0002.jpg?w=350&h=200&crop=1","width":350,"height":200},"classes":[]},{"id":22826,"url":"https:\/\/www.careldemari.nl\/weblog\/geloof-me-maar\/je-moerstaal\/","url_meta":{"origin":13596,"position":2},"title":"Je moerstaal","author":"carel de mari","date":"10 mrt 2025","format":false,"excerpt":"Deze week is het boekenweek en het thema is dit jaar je moerstaal. Mijn moeder is een Haagse maar we hebben haar nooit kunnen betrappen op Haags, niet plat Haags, niet bekakt Haags, altijd zeg maar ABN. ABN is dus mijn moerstaal. Maar als jochie uit Utereg ben ik tweetalig\u2026","rel":"","context":"In &quot;geloof me maar&quot;","block_context":{"text":"geloof me maar","link":"https:\/\/www.careldemari.nl\/weblog\/category\/geloof-me-maar\/"},"img":{"alt_text":"","src":"https:\/\/i0.wp.com\/www.careldemari.nl\/weblog\/wp-content\/uploads\/2025\/03\/wp-17415525653063243386730101775109.jpg?fit=768%2C1024&ssl=1&resize=350%2C200","width":350,"height":200,"srcset":"https:\/\/i0.wp.com\/www.careldemari.nl\/weblog\/wp-content\/uploads\/2025\/03\/wp-17415525653063243386730101775109.jpg?fit=768%2C1024&ssl=1&resize=350%2C200 1x, https:\/\/i0.wp.com\/www.careldemari.nl\/weblog\/wp-content\/uploads\/2025\/03\/wp-17415525653063243386730101775109.jpg?fit=768%2C1024&ssl=1&resize=525%2C300 1.5x, https:\/\/i0.wp.com\/www.careldemari.nl\/weblog\/wp-content\/uploads\/2025\/03\/wp-17415525653063243386730101775109.jpg?fit=768%2C1024&ssl=1&resize=700%2C400 2x"},"classes":[]},{"id":13202,"url":"https:\/\/www.careldemari.nl\/weblog\/even-serieus\/oh-oh-den-haag\/","url_meta":{"origin":13596,"position":3},"title":"Oh, oh, Den Haag","author":"carel de mari","date":"29 nov 2018","format":false,"excerpt":"Gisteren werd bekend dat de politie al 16.000 onderzoeken heeft moeten afsluiten zonder resultaat. Reden, gebrek aan mankracht. We weten al langer dat aangifte doen van een gestolen fiets geen zin heeft. Geen tijd, geen prioriteit, we moeten keuzes maken. We moeten inzetten op de grote zaken, de echte boeven\u2026","rel":"","context":"In &quot;even serieus&quot;","block_context":{"text":"even serieus","link":"https:\/\/www.careldemari.nl\/weblog\/category\/even-serieus\/"},"img":{"alt_text":"","src":"","width":0,"height":0},"classes":[]},{"id":1512,"url":"https:\/\/www.careldemari.nl\/weblog\/uit\/mijn-ervaring\/haagse-hofjes\/","url_meta":{"origin":13596,"position":4},"title":"Haagse hofjes","author":"carel de mari","date":"29 jul 2012","format":false,"excerpt":"Nei ho\u00e2h, ik gaat ut nie auv\u00e2h Haagse hoppies hebbe, r zit gein typeif\u00e2ht in de titel van dit blog. Met einige reigelmaat trek ik r op \u00f9it, op zoek naah ut onbekende. Fietsend of wandelend, alt\u00e8d de auge aupe. In een aantal blogjes heppik auk gewag gemaak van deize\u2026","rel":"","context":"In &quot;mijn ervaring&quot;","block_context":{"text":"mijn ervaring","link":"https:\/\/www.careldemari.nl\/weblog\/category\/uit\/mijn-ervaring\/"},"img":{"alt_text":"","src":"","width":0,"height":0},"classes":[]},{"id":10076,"url":"https:\/\/www.careldemari.nl\/weblog\/musea\/workshop-portretschilderen-in-haags-historisch-museum\/","url_meta":{"origin":13596,"position":5},"title":"Workshop portretschilderen in Haags Historisch Museum","author":"carel de mari","date":"25 feb 2017","format":false,"excerpt":"Afgelopen zondag vertrok ik rond half elf naar tramstation het Loo in Voorburg. Niet dat dat het eindpunt was, ik moest nog verder naar hartje Den Haag maar daar betaal je de hoofdprijs voor een uurtje parkeren. Ik had met mijn broer Guus afgesproken eerst ergens een lunch te genieten\u2026","rel":"","context":"In &quot;Musea&quot;","block_context":{"text":"Musea","link":"https:\/\/www.careldemari.nl\/weblog\/category\/musea\/"},"img":{"alt_text":"","src":"https:\/\/i0.wp.com\/www.careldemari.nl\/weblog\/wp-content\/uploads\/2017\/02\/Dick-Bruna-169x300.jpg?resize=350%2C200","width":350,"height":200},"classes":[]}],"jetpack_likes_enabled":true,"_links":{"self":[{"href":"https:\/\/www.careldemari.nl\/weblog\/wp-json\/wp\/v2\/posts\/13596","targetHints":{"allow":["GET"]}}],"collection":[{"href":"https:\/\/www.careldemari.nl\/weblog\/wp-json\/wp\/v2\/posts"}],"about":[{"href":"https:\/\/www.careldemari.nl\/weblog\/wp-json\/wp\/v2\/types\/post"}],"author":[{"embeddable":true,"href":"https:\/\/www.careldemari.nl\/weblog\/wp-json\/wp\/v2\/users\/1"}],"replies":[{"embeddable":true,"href":"https:\/\/www.careldemari.nl\/weblog\/wp-json\/wp\/v2\/comments?post=13596"}],"version-history":[{"count":3,"href":"https:\/\/www.careldemari.nl\/weblog\/wp-json\/wp\/v2\/posts\/13596\/revisions"}],"predecessor-version":[{"id":13604,"href":"https:\/\/www.careldemari.nl\/weblog\/wp-json\/wp\/v2\/posts\/13596\/revisions\/13604"}],"wp:featuredmedia":[{"embeddable":true,"href":"https:\/\/www.careldemari.nl\/weblog\/wp-json\/wp\/v2\/media\/13354"}],"wp:attachment":[{"href":"https:\/\/www.careldemari.nl\/weblog\/wp-json\/wp\/v2\/media?parent=13596"}],"wp:term":[{"taxonomy":"category","embeddable":true,"href":"https:\/\/www.careldemari.nl\/weblog\/wp-json\/wp\/v2\/categories?post=13596"},{"taxonomy":"post_tag","embeddable":true,"href":"https:\/\/www.careldemari.nl\/weblog\/wp-json\/wp\/v2\/tags?post=13596"}],"curies":[{"name":"wp","href":"https:\/\/api.w.org\/{rel}","templated":true}]}}