{"id":20341,"date":"2023-09-21T07:49:24","date_gmt":"2023-09-21T05:49:24","guid":{"rendered":"https:\/\/www.careldemari.nl\/weblog\/?p=20341"},"modified":"2023-09-21T07:49:29","modified_gmt":"2023-09-21T05:49:29","slug":"erwin-olaf-1959-2023","status":"publish","type":"post","link":"https:\/\/www.careldemari.nl\/weblog\/even-serieus\/erwin-olaf-1959-2023\/","title":{"rendered":"Erwin Olaf 1959-2023"},"content":{"rendered":"\n<p>Te jong, natuurlijk. Topfotograaf, kunstenaar. Hij koos op de school voor de journalistiek voor het vak fotografie maar kwam al snel in aanraking met de ge\u00ebnsceneerde beeld vastlegging. <\/p>\n\n\n\n<p>En daar werd hij een meester in. Uitdagend, soms schokkend maar altijd getuigend van schoonheid. <\/p>\n\n\n\n<p>In het toenmalige Het Kunstmuseum, annex Fotomuseum in Den Haag zagen we een deel van zijn rijke oeuvre, het maakte enorm veel indruk.<\/p>\n\n\n\n<figure class=\"wp-block-image size-large\"><img data-recalc-dims=\"1\" loading=\"lazy\" decoding=\"async\" width=\"736\" height=\"1009\" data-attachment-id=\"14975\" data-permalink=\"https:\/\/www.careldemari.nl\/weblog\/mijn-werk-van-2019\/attachment\/erwin-olaf-1\/\" data-orig-file=\"https:\/\/i0.wp.com\/www.careldemari.nl\/weblog\/wp-content\/uploads\/2019\/12\/erwin-olaf-1.jpg?fit=747%2C1024&amp;ssl=1\" data-orig-size=\"747,1024\" data-comments-opened=\"1\" data-image-meta=\"{&quot;aperture&quot;:&quot;0&quot;,&quot;credit&quot;:&quot;&quot;,&quot;camera&quot;:&quot;&quot;,&quot;caption&quot;:&quot;&quot;,&quot;created_timestamp&quot;:&quot;0&quot;,&quot;copyright&quot;:&quot;&quot;,&quot;focal_length&quot;:&quot;0&quot;,&quot;iso&quot;:&quot;0&quot;,&quot;shutter_speed&quot;:&quot;0&quot;,&quot;title&quot;:&quot;&quot;,&quot;orientation&quot;:&quot;0&quot;}\" data-image-title=\"erwin-olaf-1\" data-image-description=\"\" data-image-caption=\"\" data-medium-file=\"https:\/\/i0.wp.com\/www.careldemari.nl\/weblog\/wp-content\/uploads\/2019\/12\/erwin-olaf-1.jpg?fit=219%2C300&amp;ssl=1\" data-large-file=\"https:\/\/i0.wp.com\/www.careldemari.nl\/weblog\/wp-content\/uploads\/2019\/12\/erwin-olaf-1.jpg?fit=736%2C1009&amp;ssl=1\" src=\"https:\/\/i0.wp.com\/www.careldemari.nl\/weblog\/wp-content\/uploads\/2019\/12\/erwin-olaf-1.jpg?resize=736%2C1009&#038;ssl=1\" alt=\"\" class=\"wp-image-14975\" srcset=\"https:\/\/i0.wp.com\/www.careldemari.nl\/weblog\/wp-content\/uploads\/2019\/12\/erwin-olaf-1.jpg?w=747&amp;ssl=1 747w, https:\/\/i0.wp.com\/www.careldemari.nl\/weblog\/wp-content\/uploads\/2019\/12\/erwin-olaf-1.jpg?resize=219%2C300&amp;ssl=1 219w, https:\/\/i0.wp.com\/www.careldemari.nl\/weblog\/wp-content\/uploads\/2019\/12\/erwin-olaf-1.jpg?resize=720%2C987&amp;ssl=1 720w, https:\/\/i0.wp.com\/www.careldemari.nl\/weblog\/wp-content\/uploads\/2019\/12\/erwin-olaf-1.jpg?resize=560%2C768&amp;ssl=1 560w\" sizes=\"auto, (max-width: 736px) 100vw, 736px\" \/><figcaption class=\"wp-element-caption\">Van een van zijn foto&#8217;s maakte ik toen dit schilderijtje.<\/figcaption><\/figure>\n\n\n\n<p>Een longtransplantatie mocht uiteindelijk niet meer baten. <\/p>\n","protected":false},"excerpt":{"rendered":"<p>Te jong, natuurlijk. Topfotograaf, kunstenaar. Hij koos op de school voor de journalistiek voor het vak fotografie maar kwam al snel in aanraking met de ge\u00ebnsceneerde beeld vastlegging. En daar werd hij een meester in. Uitdagend, soms schokkend maar altijd getuigend van schoonheid. In het toenmalige Het Kunstmuseum, annex Fotomuseum in Den Haag zagen we&#8230; <a class=\"more-link\" href=\"https:\/\/www.careldemari.nl\/weblog\/even-serieus\/erwin-olaf-1959-2023\/#more-20341\">Lees verder &rarr;<\/a><\/p>\n","protected":false},"author":1,"featured_media":20342,"comment_status":"open","ping_status":"closed","sticky":false,"template":"","format":"standard","meta":{"jetpack_post_was_ever_published":false,"_jetpack_newsletter_access":"","_jetpack_dont_email_post_to_subs":false,"_jetpack_newsletter_tier_id":0,"_jetpack_memberships_contains_paywalled_content":false,"_jetpack_memberships_contains_paid_content":false,"footnotes":"","jetpack_publicize_message":"","jetpack_publicize_feature_enabled":true,"jetpack_social_post_already_shared":true,"jetpack_social_options":{"image_generator_settings":{"template":"highway","default_image_id":0,"font":"","enabled":false},"version":2}},"categories":[5],"tags":[],"class_list":["post-20341","post","type-post","status-publish","format-standard","has-post-thumbnail","hentry","category-even-serieus","clear"],"jetpack_publicize_connections":[],"jetpack_featured_media_url":"https:\/\/i0.wp.com\/www.careldemari.nl\/weblog\/wp-content\/uploads\/2023\/09\/wp-1695236653998.jpg?fit=733%2C1024&ssl=1","jetpack_sharing_enabled":true,"jetpack_shortlink":"https:\/\/wp.me\/p5Ubpg-5i5","jetpack-related-posts":[{"id":22255,"url":"https:\/\/www.careldemari.nl\/weblog\/praatje-plaatje\/belofte-maakt-schuld\/","url_meta":{"origin":20341,"position":0},"title":"Belofte maakt schuld","author":"carel de mari","date":"22 nov 2024","format":false,"excerpt":"Ik schreef het gisteren al, ons Flipke wil een van Gogh aan de muur en is weg van de zonnebloemen. En omdat een echte van Gogh wat boven de begroting gaat heb ik zelf maar wat geknutseld. Geen kopie, dat ging me te ver. Meer een impressie van zijn impressie.","rel":"","context":"In &quot;praatje, plaatje&quot;","block_context":{"text":"praatje, plaatje","link":"https:\/\/www.careldemari.nl\/weblog\/category\/praatje-plaatje\/"},"img":{"alt_text":"","src":"https:\/\/i0.wp.com\/www.careldemari.nl\/weblog\/wp-content\/uploads\/2024\/11\/wp-1732197044744.jpg?fit=808%2C1024&ssl=1&resize=350%2C200","width":350,"height":200,"srcset":"https:\/\/i0.wp.com\/www.careldemari.nl\/weblog\/wp-content\/uploads\/2024\/11\/wp-1732197044744.jpg?fit=808%2C1024&ssl=1&resize=350%2C200 1x, https:\/\/i0.wp.com\/www.careldemari.nl\/weblog\/wp-content\/uploads\/2024\/11\/wp-1732197044744.jpg?fit=808%2C1024&ssl=1&resize=525%2C300 1.5x, https:\/\/i0.wp.com\/www.careldemari.nl\/weblog\/wp-content\/uploads\/2024\/11\/wp-1732197044744.jpg?fit=808%2C1024&ssl=1&resize=700%2C400 2x"},"classes":[]},{"id":24124,"url":"https:\/\/www.careldemari.nl\/weblog\/even-serieus\/eendracht-maakt-macht\/","url_meta":{"origin":20341,"position":1},"title":"Eendracht maakt macht","author":"carel de mari","date":"27 okt 2025","format":false,"excerpt":"Eendracht maakt macht, samen staan we sterk. United we stand, de handen ineen staan, \u00e9\u00e9n blok vormen. Aan de andere kant, Hardinxveld Giessendam had (heeft nog?) twee\u00ebndertig kerken om dezelfde god aan te roepen, simpel omdat ze niet allemaal tot op het kleinste detail hetzelfde over hun geloof denken. In\u2026","rel":"","context":"In &quot;even serieus&quot;","block_context":{"text":"even serieus","link":"https:\/\/www.careldemari.nl\/weblog\/category\/even-serieus\/"},"img":{"alt_text":"","src":"https:\/\/i0.wp.com\/www.careldemari.nl\/weblog\/wp-content\/uploads\/2025\/10\/wp-17614940546447921119818403485178.jpg?fit=1024%2C639&ssl=1&resize=350%2C200","width":350,"height":200,"srcset":"https:\/\/i0.wp.com\/www.careldemari.nl\/weblog\/wp-content\/uploads\/2025\/10\/wp-17614940546447921119818403485178.jpg?fit=1024%2C639&ssl=1&resize=350%2C200 1x, https:\/\/i0.wp.com\/www.careldemari.nl\/weblog\/wp-content\/uploads\/2025\/10\/wp-17614940546447921119818403485178.jpg?fit=1024%2C639&ssl=1&resize=525%2C300 1.5x, https:\/\/i0.wp.com\/www.careldemari.nl\/weblog\/wp-content\/uploads\/2025\/10\/wp-17614940546447921119818403485178.jpg?fit=1024%2C639&ssl=1&resize=700%2C400 2x"},"classes":[]},{"id":1607,"url":"https:\/\/www.careldemari.nl\/weblog\/write-on-thursday-wot\/los-wot33\/","url_meta":{"origin":20341,"position":2},"title":"Los, #WOT33","author":"carel de mari","date":"16 aug 2012","format":false,"excerpt":"\u201cWie maakt me los?\u201d Voor de marktkoopman zit de werkdag er zo goed als op. Wat niet meer verkocht wordt kan de container in. Zo gaat dat met verse groente. \u201cWie maakt er wat van los?\u201d Dankjewel, Karin, een WOT-woord dat een heleboel los kan maken. Hoe complex kan ik\u2026","rel":"","context":"In &quot;120 woorden&quot;","block_context":{"text":"120 woorden","link":"https:\/\/www.careldemari.nl\/weblog\/category\/uitje\/120-woorden\/"},"img":{"alt_text":"","src":"","width":0,"height":0},"classes":[]},{"id":16179,"url":"https:\/\/www.careldemari.nl\/weblog\/geloof-me-maar\/rijkgevuld-met-tulpen\/","url_meta":{"origin":20341,"position":3},"title":"Rijkgevuld met tulpen","author":"carel de mari","date":"17 okt 2020","format":false,"excerpt":"Onlangs werd ik aangenaam verrast door een ansichtkaart uit Frankrijk. Susan Hol verzamelt ieder jaar foto's van tulpen. Zo'n foto kun je aanleveren op haar FB-pagina Rijkgevuld bloemstilleven met tulpen. Van de inzendingen maakt ze een collage en de inzenders krijgen daar een kaart van. Ik had eerder wel eens\u2026","rel":"","context":"In &quot;geloof me maar&quot;","block_context":{"text":"geloof me maar","link":"https:\/\/www.careldemari.nl\/weblog\/category\/geloof-me-maar\/"},"img":{"alt_text":"","src":"https:\/\/i0.wp.com\/www.careldemari.nl\/weblog\/wp-content\/uploads\/2020\/10\/wp-1602921585606.jpg?fit=467%2C700&ssl=1&resize=350%2C200","width":350,"height":200},"classes":[]},{"id":1617,"url":"https:\/\/www.careldemari.nl\/weblog\/even-serieus\/bbbq-belofte-maakt-schuld\/","url_meta":{"origin":20341,"position":4},"title":"BBBQ, belofte maakt schuld","author":"carel de mari","date":"19 aug 2012","format":false,"excerpt":"Ik had het gisteren beloofd, foto's van de eerste schaal hapjes zouden volgen. En, ja hoor, ze waren ook wel gemaakt maar met name die envelopjes met gorgonzola en spinazie vergden meer tijd dan verwacht en daarna moest ik echt even zitten. Maar vandaag maak ik het goed, hier zijn\u2026","rel":"","context":"In &quot;even serieus&quot;","block_context":{"text":"even serieus","link":"https:\/\/www.careldemari.nl\/weblog\/category\/even-serieus\/"},"img":{"alt_text":"","src":"https:\/\/careldemari.files.wordpress.com\/2012\/08\/sam_1297.jpg?w=350&h=200&crop=1","width":350,"height":200},"classes":[]},{"id":17364,"url":"https:\/\/www.careldemari.nl\/weblog\/even-serieus\/belastingontduiking-of-ontwijking\/","url_meta":{"origin":20341,"position":5},"title":"Belastingontduiking of &#8211; ontwijking","author":"carel de mari","date":"6 okt 2021","format":false,"excerpt":"Of ik graag belasting betaal? Ben ik niet normaal als ik die vraag met ja beantwoord? Ik vind het best hoor. Belasting betalen is nodig omdat allerlei voorzieningen daaruit betaald worden. In ons huidige systeem geen onderwijs, geen infrastructuur, geen veiligheid, noem maar op, zonder overheidsinkomsten. Over de verdeling van\u2026","rel":"","context":"In &quot;even serieus&quot;","block_context":{"text":"even serieus","link":"https:\/\/www.careldemari.nl\/weblog\/category\/even-serieus\/"},"img":{"alt_text":"","src":"https:\/\/i0.wp.com\/www.careldemari.nl\/weblog\/wp-content\/uploads\/2021\/10\/IMG_20211005_215626231.jpg?fit=768%2C1024&ssl=1&resize=350%2C200","width":350,"height":200,"srcset":"https:\/\/i0.wp.com\/www.careldemari.nl\/weblog\/wp-content\/uploads\/2021\/10\/IMG_20211005_215626231.jpg?fit=768%2C1024&ssl=1&resize=350%2C200 1x, https:\/\/i0.wp.com\/www.careldemari.nl\/weblog\/wp-content\/uploads\/2021\/10\/IMG_20211005_215626231.jpg?fit=768%2C1024&ssl=1&resize=525%2C300 1.5x, https:\/\/i0.wp.com\/www.careldemari.nl\/weblog\/wp-content\/uploads\/2021\/10\/IMG_20211005_215626231.jpg?fit=768%2C1024&ssl=1&resize=700%2C400 2x"},"classes":[]}],"jetpack_likes_enabled":true,"_links":{"self":[{"href":"https:\/\/www.careldemari.nl\/weblog\/wp-json\/wp\/v2\/posts\/20341","targetHints":{"allow":["GET"]}}],"collection":[{"href":"https:\/\/www.careldemari.nl\/weblog\/wp-json\/wp\/v2\/posts"}],"about":[{"href":"https:\/\/www.careldemari.nl\/weblog\/wp-json\/wp\/v2\/types\/post"}],"author":[{"embeddable":true,"href":"https:\/\/www.careldemari.nl\/weblog\/wp-json\/wp\/v2\/users\/1"}],"replies":[{"embeddable":true,"href":"https:\/\/www.careldemari.nl\/weblog\/wp-json\/wp\/v2\/comments?post=20341"}],"version-history":[{"count":3,"href":"https:\/\/www.careldemari.nl\/weblog\/wp-json\/wp\/v2\/posts\/20341\/revisions"}],"predecessor-version":[{"id":20345,"href":"https:\/\/www.careldemari.nl\/weblog\/wp-json\/wp\/v2\/posts\/20341\/revisions\/20345"}],"wp:featuredmedia":[{"embeddable":true,"href":"https:\/\/www.careldemari.nl\/weblog\/wp-json\/wp\/v2\/media\/20342"}],"wp:attachment":[{"href":"https:\/\/www.careldemari.nl\/weblog\/wp-json\/wp\/v2\/media?parent=20341"}],"wp:term":[{"taxonomy":"category","embeddable":true,"href":"https:\/\/www.careldemari.nl\/weblog\/wp-json\/wp\/v2\/categories?post=20341"},{"taxonomy":"post_tag","embeddable":true,"href":"https:\/\/www.careldemari.nl\/weblog\/wp-json\/wp\/v2\/tags?post=20341"}],"curies":[{"name":"wp","href":"https:\/\/api.w.org\/{rel}","templated":true}]}}