{"id":20560,"date":"2023-11-18T07:57:59","date_gmt":"2023-11-18T06:57:59","guid":{"rendered":"https:\/\/www.careldemari.nl\/weblog\/?p=20560"},"modified":"2023-11-18T07:58:06","modified_gmt":"2023-11-18T06:58:06","slug":"crea-circuit-2","status":"publish","type":"post","link":"https:\/\/www.careldemari.nl\/weblog\/even-serieus\/crea-circuit-2\/","title":{"rendered":"Crea circuit"},"content":{"rendered":"\n<p>Het zit er weer op, drie vrijdagmiddagen om te leren hoe je een gezicht schildert. <\/p>\n\n\n\n<p>In les een komt de plaats van de gezichtsdelen aan de orde, waar zitten ongeveer de ogen, waar de neus, de mond.<\/p>\n\n\n\n<p>In les twee, ook nog met potlood, wat dat lichtinval, schaduwzijde. <\/p>\n\n\n\n<p>En dan de derde, een echt schilderij maken. Dat is moeilijk maar wat ben je dan trots op het eindresultaat!<\/p>\n\n\n\n<p>Ik vind het heerlijk die lessen te geven al ging het deze keer niet vanzelf. Concentratie- en motivatieproblemen bij drie van de acht kinderen. Met als gevolg dat de anderen zich terecht gestoord voelden. Ik ben geen schoolmeester, mis de vaardigheden om hiermee om te gaan. (Je krijgt wel waardering voor de mensen die hier dag in, dag uit mee om moeten gaan.)<\/p>\n","protected":false},"excerpt":{"rendered":"<p>Het zit er weer op, drie vrijdagmiddagen om te leren hoe je een gezicht schildert. In les een komt de plaats van de gezichtsdelen aan de orde, waar zitten ongeveer de ogen, waar de neus, de mond. In les twee, ook nog met potlood, wat dat lichtinval, schaduwzijde. En dan de derde, een echt schilderij&#8230; <a class=\"more-link\" href=\"https:\/\/www.careldemari.nl\/weblog\/even-serieus\/crea-circuit-2\/#more-20560\">Lees verder &rarr;<\/a><\/p>\n","protected":false},"author":1,"featured_media":20559,"comment_status":"open","ping_status":"closed","sticky":false,"template":"","format":"standard","meta":{"jetpack_post_was_ever_published":false,"_jetpack_newsletter_access":"","_jetpack_dont_email_post_to_subs":false,"_jetpack_newsletter_tier_id":0,"_jetpack_memberships_contains_paywalled_content":false,"_jetpack_memberships_contains_paid_content":false,"footnotes":"","jetpack_publicize_message":"","jetpack_publicize_feature_enabled":true,"jetpack_social_post_already_shared":true,"jetpack_social_options":{"image_generator_settings":{"template":"highway","default_image_id":0,"font":"","enabled":false},"version":2}},"categories":[5],"tags":[],"class_list":["post-20560","post","type-post","status-publish","format-standard","has-post-thumbnail","hentry","category-even-serieus","clear"],"jetpack_publicize_connections":[],"jetpack_featured_media_url":"https:\/\/i0.wp.com\/www.careldemari.nl\/weblog\/wp-content\/uploads\/2023\/11\/wp-1700249524177.jpg?fit=1024%2C565&ssl=1","jetpack_sharing_enabled":true,"jetpack_shortlink":"https:\/\/wp.me\/p5Ubpg-5lC","jetpack-related-posts":[{"id":18763,"url":"https:\/\/www.careldemari.nl\/weblog\/geloof-me-maar\/opa-carel-voor-de-klas\/","url_meta":{"origin":20560,"position":0},"title":"Opa Carel voor de klas","author":"carel de mari","date":"8 sep 2022","format":false,"excerpt":"Ah, een mailtje van juffrouw Marlies: we gaan in november weer wat crea-dagen organiseren. Doet u mee? Nou, maar wat graag. Drie vrijdagmiddagen een uurtje tekenles geven aan wat kinderen uit de bovenbouw, die laatste drie jaar van de basisschool. Vorig schooljaar zou ik ook meedoen maar na de eerste\u2026","rel":"","context":"In &quot;geloof me maar&quot;","block_context":{"text":"geloof me maar","link":"https:\/\/www.careldemari.nl\/weblog\/category\/geloof-me-maar\/"},"img":{"alt_text":"","src":"https:\/\/i0.wp.com\/www.careldemari.nl\/weblog\/wp-content\/uploads\/2022\/09\/wp-1662579838831.jpg?fit=736%2C1024&ssl=1&resize=350%2C200","width":350,"height":200,"srcset":"https:\/\/i0.wp.com\/www.careldemari.nl\/weblog\/wp-content\/uploads\/2022\/09\/wp-1662579838831.jpg?fit=736%2C1024&ssl=1&resize=350%2C200 1x, https:\/\/i0.wp.com\/www.careldemari.nl\/weblog\/wp-content\/uploads\/2022\/09\/wp-1662579838831.jpg?fit=736%2C1024&ssl=1&resize=525%2C300 1.5x, https:\/\/i0.wp.com\/www.careldemari.nl\/weblog\/wp-content\/uploads\/2022\/09\/wp-1662579838831.jpg?fit=736%2C1024&ssl=1&resize=700%2C400 2x"},"classes":[]},{"id":4558,"url":"https:\/\/www.careldemari.nl\/weblog\/uit\/mijn-ervaring\/code-rood-voor-metallica\/","url_meta":{"origin":20560,"position":1},"title":"Code rood voor Metallica","author":"carel de mari","date":"10 jun 2014","format":false,"excerpt":"Ze kwamen uit Belgi\u00eb, langs het terrein waar in 2011 Pukkelpop zwaar geteisterd werd, \u00e9\u00e9n dode, veel gewonden. Paniek, een ravage en een les voor iedereen die\u00a0 zich met het organiseren van evenementen bezighoudt. Niet de eerste les, niet de laatste. Rond het middaguur liepen we door het centrum van\u2026","rel":"","context":"In &quot;mijn ervaring&quot;","block_context":{"text":"mijn ervaring","link":"https:\/\/www.careldemari.nl\/weblog\/category\/uit\/mijn-ervaring\/"},"img":{"alt_text":"","src":"","width":0,"height":0},"classes":[]},{"id":17352,"url":"https:\/\/www.careldemari.nl\/weblog\/praatje-plaatje\/daar-zit-muziek-in\/","url_meta":{"origin":20560,"position":2},"title":"Daar zit muziek in","author":"carel de mari","date":"1 okt 2021","format":false,"excerpt":"Nu de vakantie achter de rug is, de vakantiewas schoon in de kast ligt kan het gewone werk weer opgepakt worden. De afgelopen dagen ben ik met een verhaal bezig geweest. Omdat het het Herman de Man-jaar is is er een schrijfuitdaging uitgezet. En misschien doe ik mee. Het verhaal\u2026","rel":"","context":"In &quot;praatje, plaatje&quot;","block_context":{"text":"praatje, plaatje","link":"https:\/\/www.careldemari.nl\/weblog\/category\/praatje-plaatje\/"},"img":{"alt_text":"","src":"https:\/\/i0.wp.com\/www.careldemari.nl\/weblog\/wp-content\/uploads\/2021\/09\/wp-16330337225981547293271226072189.jpg?fit=576%2C1024&ssl=1&resize=350%2C200","width":350,"height":200,"srcset":"https:\/\/i0.wp.com\/www.careldemari.nl\/weblog\/wp-content\/uploads\/2021\/09\/wp-16330337225981547293271226072189.jpg?fit=576%2C1024&ssl=1&resize=350%2C200 1x, https:\/\/i0.wp.com\/www.careldemari.nl\/weblog\/wp-content\/uploads\/2021\/09\/wp-16330337225981547293271226072189.jpg?fit=576%2C1024&ssl=1&resize=525%2C300 1.5x"},"classes":[]},{"id":17467,"url":"https:\/\/www.careldemari.nl\/weblog\/even-serieus\/tekent-u-elke-dag\/","url_meta":{"origin":20560,"position":3},"title":"Tekent u elke dag?","author":"carel de mari","date":"30 okt 2021","format":false,"excerpt":"Drie meisjes en drie jongens uit de bovenbouw, groep zes, zeven en acht. Ze hebben zich aangemeld voor een workshop tekenen en schilderen die ik geef op de Nieuwegeinse Julianaschool. Ze hadden ook kunnen kiezen voor bijvoorbeeld linoleum snijden, schaken of dansen. Ik laat ze een gezicht tekenen, en face,\u2026","rel":"","context":"In &quot;even serieus&quot;","block_context":{"text":"even serieus","link":"https:\/\/www.careldemari.nl\/weblog\/category\/even-serieus\/"},"img":{"alt_text":"","src":"https:\/\/i0.wp.com\/www.careldemari.nl\/weblog\/wp-content\/uploads\/2021\/10\/wp-16355203102179009810812429704088.jpg?fit=768%2C1024&ssl=1&resize=350%2C200","width":350,"height":200,"srcset":"https:\/\/i0.wp.com\/www.careldemari.nl\/weblog\/wp-content\/uploads\/2021\/10\/wp-16355203102179009810812429704088.jpg?fit=768%2C1024&ssl=1&resize=350%2C200 1x, https:\/\/i0.wp.com\/www.careldemari.nl\/weblog\/wp-content\/uploads\/2021\/10\/wp-16355203102179009810812429704088.jpg?fit=768%2C1024&ssl=1&resize=525%2C300 1.5x, https:\/\/i0.wp.com\/www.careldemari.nl\/weblog\/wp-content\/uploads\/2021\/10\/wp-16355203102179009810812429704088.jpg?fit=768%2C1024&ssl=1&resize=700%2C400 2x"},"classes":[]},{"id":4710,"url":"https:\/\/www.careldemari.nl\/weblog\/even-serieus\/kater\/","url_meta":{"origin":20560,"position":4},"title":"Kater","author":"carel de mari","date":"10 jul 2014","format":false,"excerpt":"Bedankt, Oasen, waterbedrijf dat ons dagelijks in de gelegenheid stelt een douche te nemen, een kopje thee of koffie te zetten enzovoort. Prima, we betalen er ook voor. Maar wat je ons vandaag flikt kan echt niet. Dat een enkele keer de kraan dicht moet vanwege werkzaamheden begrijp ik. Jullie\u2026","rel":"","context":"In &quot;even serieus&quot;","block_context":{"text":"even serieus","link":"https:\/\/www.careldemari.nl\/weblog\/category\/even-serieus\/"},"img":{"alt_text":"","src":"","width":0,"height":0},"classes":[]},{"id":16646,"url":"https:\/\/www.careldemari.nl\/weblog\/corona\/nee-dank-u\/","url_meta":{"origin":20560,"position":5},"title":"Nee, dank u","author":"carel de mari","date":"25 mrt 2021","format":false,"excerpt":"Niets voor mij, nee, dankjewel. Ik lees vanochtend in mijn krantje over een achtdaagse vakantie op Rhodos, van rijkswege begeleid. Lux hotel maar je mag het resort niet af, bij terugkomst verplicht in quarantaine. Er zijn 189 gelukkigen, ik wens ze veel plezier. Niets tegen Rhodos hoor, we hebben daar\u2026","rel":"","context":"In &quot;corona&quot;","block_context":{"text":"corona","link":"https:\/\/www.careldemari.nl\/weblog\/category\/corona\/"},"img":{"alt_text":"","src":"","width":0,"height":0},"classes":[]}],"jetpack_likes_enabled":true,"_links":{"self":[{"href":"https:\/\/www.careldemari.nl\/weblog\/wp-json\/wp\/v2\/posts\/20560","targetHints":{"allow":["GET"]}}],"collection":[{"href":"https:\/\/www.careldemari.nl\/weblog\/wp-json\/wp\/v2\/posts"}],"about":[{"href":"https:\/\/www.careldemari.nl\/weblog\/wp-json\/wp\/v2\/types\/post"}],"author":[{"embeddable":true,"href":"https:\/\/www.careldemari.nl\/weblog\/wp-json\/wp\/v2\/users\/1"}],"replies":[{"embeddable":true,"href":"https:\/\/www.careldemari.nl\/weblog\/wp-json\/wp\/v2\/comments?post=20560"}],"version-history":[{"count":1,"href":"https:\/\/www.careldemari.nl\/weblog\/wp-json\/wp\/v2\/posts\/20560\/revisions"}],"predecessor-version":[{"id":20561,"href":"https:\/\/www.careldemari.nl\/weblog\/wp-json\/wp\/v2\/posts\/20560\/revisions\/20561"}],"wp:featuredmedia":[{"embeddable":true,"href":"https:\/\/www.careldemari.nl\/weblog\/wp-json\/wp\/v2\/media\/20559"}],"wp:attachment":[{"href":"https:\/\/www.careldemari.nl\/weblog\/wp-json\/wp\/v2\/media?parent=20560"}],"wp:term":[{"taxonomy":"category","embeddable":true,"href":"https:\/\/www.careldemari.nl\/weblog\/wp-json\/wp\/v2\/categories?post=20560"},{"taxonomy":"post_tag","embeddable":true,"href":"https:\/\/www.careldemari.nl\/weblog\/wp-json\/wp\/v2\/tags?post=20560"}],"curies":[{"name":"wp","href":"https:\/\/api.w.org\/{rel}","templated":true}]}}