{"id":20590,"date":"2023-11-25T09:01:17","date_gmt":"2023-11-25T08:01:17","guid":{"rendered":"https:\/\/www.careldemari.nl\/weblog\/?p=20590"},"modified":"2023-11-25T09:01:17","modified_gmt":"2023-11-25T08:01:17","slug":"ze-bestaan-nog","status":"publish","type":"post","link":"https:\/\/www.careldemari.nl\/weblog\/geloof-me-maar\/ze-bestaan-nog\/","title":{"rendered":"Ze bestaan nog"},"content":{"rendered":"\n<p>Wanneer precies weet ik niet maar, ergens eind vorige eeuw kocht ik op Mallorca of Menorca een overhemd met korte mouwen. Wit, licht blauw verticaal streepje. Het is een paar zomers meegegaan maar al heel wat jaren geleden weggedaan.<\/p>\n\n\n\n<p>Ze worden nog steeds verkocht. De foto is genomen op de markt van Puerto de Morgan maar ook in de verschillende malls zie je ze nog overal hangen.<\/p>\n\n\n\n<p>En, ze worden nog steeds gedragen. We hebben er even op gelet, en vaak gezien.<\/p>\n","protected":false},"excerpt":{"rendered":"<p>Wanneer precies weet ik niet maar, ergens eind vorige eeuw kocht ik op Mallorca of Menorca een overhemd met korte mouwen. Wit, licht blauw verticaal streepje. Het is een paar zomers meegegaan maar al heel wat jaren geleden weggedaan. Ze worden nog steeds verkocht. De foto is genomen op de markt van Puerto de Morgan&#8230; <a class=\"more-link\" href=\"https:\/\/www.careldemari.nl\/weblog\/geloof-me-maar\/ze-bestaan-nog\/#more-20590\">Lees verder &rarr;<\/a><\/p>\n","protected":false},"author":1,"featured_media":20589,"comment_status":"open","ping_status":"closed","sticky":false,"template":"","format":"standard","meta":{"jetpack_post_was_ever_published":false,"_jetpack_newsletter_access":"","_jetpack_dont_email_post_to_subs":false,"_jetpack_newsletter_tier_id":0,"_jetpack_memberships_contains_paywalled_content":false,"_jetpack_memberships_contains_paid_content":false,"footnotes":"","jetpack_publicize_message":"","jetpack_publicize_feature_enabled":true,"jetpack_social_post_already_shared":true,"jetpack_social_options":{"image_generator_settings":{"template":"highway","default_image_id":0,"font":"","enabled":false},"version":2}},"categories":[8],"tags":[],"class_list":["post-20590","post","type-post","status-publish","format-standard","has-post-thumbnail","hentry","category-geloof-me-maar","clear"],"jetpack_publicize_connections":[],"jetpack_featured_media_url":"https:\/\/i0.wp.com\/www.careldemari.nl\/weblog\/wp-content\/uploads\/2023\/11\/wp-17008312950827258766951990339368.jpg?fit=768%2C1024&ssl=1","jetpack_sharing_enabled":true,"jetpack_shortlink":"https:\/\/wp.me\/p5Ubpg-5m6","jetpack-related-posts":[{"id":11847,"url":"https:\/\/www.careldemari.nl\/weblog\/even-serieus\/zorgelijk\/","url_meta":{"origin":20590,"position":0},"title":"Zorgelijk","author":"carel de mari","date":"13 mrt 2018","format":false,"excerpt":"Ik maak me zorgen, al een tijdje. En steeds komen er sterkere signalen dat dat terecht is. Een paar voorbeelden: In steeds meer plaatsen kun je als nieuwe pati\u00ebnt geen huisarts vinden; Steeds vaker moeten ambulancebestuurder zoeken naar een ziekenhuis waar hun pati\u00ebnt geholpen kan worden; Steeds meer pati\u00ebnten die\u2026","rel":"","context":"In &quot;even serieus&quot;","block_context":{"text":"even serieus","link":"https:\/\/www.careldemari.nl\/weblog\/category\/even-serieus\/"},"img":{"alt_text":"","src":"","width":0,"height":0},"classes":[]},{"id":3272,"url":"https:\/\/www.careldemari.nl\/weblog\/even-serieus\/en-ze-leefden-steeds-langer-en-niet-gelukkig\/","url_meta":{"origin":20590,"position":1},"title":"En ze leefden steeds langer en niet gelukkig","author":"carel de mari","date":"16 sep 2013","format":false,"excerpt":"Er was eens een land waar de mensen het goed hadden, erg goed zelfs. Steeds beter, het kon niet op. Maar de mensen waren nooit tevreden, ze wilden altijd meer. Ze vertelden hun kinderen van Rupsje Nooitgenoeg maar waren niet in staat de vertaling naar zichzelf te maken. Ze waren\u2026","rel":"","context":"In &quot;even serieus&quot;","block_context":{"text":"even serieus","link":"https:\/\/www.careldemari.nl\/weblog\/category\/even-serieus\/"},"img":{"alt_text":"","src":"","width":0,"height":0},"classes":[]},{"id":19044,"url":"https:\/\/www.careldemari.nl\/weblog\/praatje-plaatje\/ik-word-steeds-vrijer\/","url_meta":{"origin":20590,"position":2},"title":"Ik word steeds vrijer","author":"carel de mari","date":"25 nov 2022","format":false,"excerpt":"Jarenlang heb ik min of meer nageschilderd, een (mislukte) kopie van wat een ander ooit maakte. De volgende stap was naschilderen van foto. Dat lijkt hetzelfde maar in mijn ogen wel een stap verder naar de vrijheid. Ook mijn potloodtekeningen vallen doorgaans in die categorie. Bijgaand schilderij is weer een\u2026","rel":"","context":"In &quot;praatje, plaatje&quot;","block_context":{"text":"praatje, plaatje","link":"https:\/\/www.careldemari.nl\/weblog\/category\/praatje-plaatje\/"},"img":{"alt_text":"","src":"https:\/\/i0.wp.com\/www.careldemari.nl\/weblog\/wp-content\/uploads\/2022\/11\/wp-1669323089632.jpg?fit=772%2C1024&ssl=1&resize=350%2C200","width":350,"height":200,"srcset":"https:\/\/i0.wp.com\/www.careldemari.nl\/weblog\/wp-content\/uploads\/2022\/11\/wp-1669323089632.jpg?fit=772%2C1024&ssl=1&resize=350%2C200 1x, https:\/\/i0.wp.com\/www.careldemari.nl\/weblog\/wp-content\/uploads\/2022\/11\/wp-1669323089632.jpg?fit=772%2C1024&ssl=1&resize=525%2C300 1.5x, https:\/\/i0.wp.com\/www.careldemari.nl\/weblog\/wp-content\/uploads\/2022\/11\/wp-1669323089632.jpg?fit=772%2C1024&ssl=1&resize=700%2C400 2x"},"classes":[]},{"id":24680,"url":"https:\/\/www.careldemari.nl\/weblog\/verftube\/de-uitvinding-van-de-verftube-3\/","url_meta":{"origin":20590,"position":3},"title":"De uitvinding van de verftube 3","author":"carel de mari","date":"2 mrt 2026","format":false,"excerpt":"Mede omdat in de tweede helft van de negentiende eeuw de trein grote afstanden snel overbrugbaar werden zochten schilders hun objecten steeds verder. Monet ging een paar maanden naar Zaandam, van Gogh naar Parijs en Arles. Uitwisseling van idee\u00ebn zorgde voor grote stijl veranderingen. Grote verffabrikanten maakten steeds meer kleuren.\u2026","rel":"","context":"In &quot;verftube&quot;","block_context":{"text":"verftube","link":"https:\/\/www.careldemari.nl\/weblog\/category\/verftube\/"},"img":{"alt_text":"","src":"https:\/\/i0.wp.com\/www.careldemari.nl\/weblog\/wp-content\/uploads\/2026\/02\/Screenshot_20260215-142531.Presentaties.jpg?fit=1009%2C551&ssl=1&resize=350%2C200","width":350,"height":200,"srcset":"https:\/\/i0.wp.com\/www.careldemari.nl\/weblog\/wp-content\/uploads\/2026\/02\/Screenshot_20260215-142531.Presentaties.jpg?fit=1009%2C551&ssl=1&resize=350%2C200 1x, https:\/\/i0.wp.com\/www.careldemari.nl\/weblog\/wp-content\/uploads\/2026\/02\/Screenshot_20260215-142531.Presentaties.jpg?fit=1009%2C551&ssl=1&resize=525%2C300 1.5x, https:\/\/i0.wp.com\/www.careldemari.nl\/weblog\/wp-content\/uploads\/2026\/02\/Screenshot_20260215-142531.Presentaties.jpg?fit=1009%2C551&ssl=1&resize=700%2C400 2x"},"classes":[]},{"id":5306,"url":"https:\/\/www.careldemari.nl\/weblog\/even-serieus\/alweer-december\/","url_meta":{"origin":20590,"position":4},"title":"Alweer december","author":"carel de mari","date":"3 dec 2014","format":false,"excerpt":"Nog een paar weken en dan is ook 2014 weer geschiedenis. Het jaar vliegt weer voorbij. Ik heb zelfs het idee dat dat steeds sneller gaat. Dat kan natuurlijk omdat het perspectief verandert. Een jaar is relatief steeds minder van een in jaren toenemend mensenleven. Dus, op den duur zou\u2026","rel":"","context":"In &quot;even serieus&quot;","block_context":{"text":"even serieus","link":"https:\/\/www.careldemari.nl\/weblog\/category\/even-serieus\/"},"img":{"alt_text":"","src":"","width":0,"height":0},"classes":[]},{"id":16786,"url":"https:\/\/www.careldemari.nl\/weblog\/corona\/asics\/","url_meta":{"origin":20590,"position":5},"title":"ASICS","author":"carel de mari","date":"27 apr 2021","format":false,"excerpt":"De sportscholen blijven nog steeds dicht, het ontgaat de beleidsmakers kennelijk dat een gezond lichaam helpt in de individuele strijd tegen coronagevolgen. Persoonlijk ben ik ervan overtuigd dat ik er door een goede conditie nog genadig ben afgekomen nadat covid 19 me in oktober te pakken kreeg. En toch voel\u2026","rel":"","context":"In &quot;corona&quot;","block_context":{"text":"corona","link":"https:\/\/www.careldemari.nl\/weblog\/category\/corona\/"},"img":{"alt_text":"","src":"https:\/\/i0.wp.com\/www.careldemari.nl\/weblog\/wp-content\/uploads\/2021\/04\/wp-1619461791587.jpg?fit=1024%2C769&ssl=1&resize=350%2C200","width":350,"height":200,"srcset":"https:\/\/i0.wp.com\/www.careldemari.nl\/weblog\/wp-content\/uploads\/2021\/04\/wp-1619461791587.jpg?fit=1024%2C769&ssl=1&resize=350%2C200 1x, https:\/\/i0.wp.com\/www.careldemari.nl\/weblog\/wp-content\/uploads\/2021\/04\/wp-1619461791587.jpg?fit=1024%2C769&ssl=1&resize=525%2C300 1.5x, https:\/\/i0.wp.com\/www.careldemari.nl\/weblog\/wp-content\/uploads\/2021\/04\/wp-1619461791587.jpg?fit=1024%2C769&ssl=1&resize=700%2C400 2x"},"classes":[]}],"jetpack_likes_enabled":true,"_links":{"self":[{"href":"https:\/\/www.careldemari.nl\/weblog\/wp-json\/wp\/v2\/posts\/20590","targetHints":{"allow":["GET"]}}],"collection":[{"href":"https:\/\/www.careldemari.nl\/weblog\/wp-json\/wp\/v2\/posts"}],"about":[{"href":"https:\/\/www.careldemari.nl\/weblog\/wp-json\/wp\/v2\/types\/post"}],"author":[{"embeddable":true,"href":"https:\/\/www.careldemari.nl\/weblog\/wp-json\/wp\/v2\/users\/1"}],"replies":[{"embeddable":true,"href":"https:\/\/www.careldemari.nl\/weblog\/wp-json\/wp\/v2\/comments?post=20590"}],"version-history":[{"count":0,"href":"https:\/\/www.careldemari.nl\/weblog\/wp-json\/wp\/v2\/posts\/20590\/revisions"}],"wp:featuredmedia":[{"embeddable":true,"href":"https:\/\/www.careldemari.nl\/weblog\/wp-json\/wp\/v2\/media\/20589"}],"wp:attachment":[{"href":"https:\/\/www.careldemari.nl\/weblog\/wp-json\/wp\/v2\/media?parent=20590"}],"wp:term":[{"taxonomy":"category","embeddable":true,"href":"https:\/\/www.careldemari.nl\/weblog\/wp-json\/wp\/v2\/categories?post=20590"},{"taxonomy":"post_tag","embeddable":true,"href":"https:\/\/www.careldemari.nl\/weblog\/wp-json\/wp\/v2\/tags?post=20590"}],"curies":[{"name":"wp","href":"https:\/\/api.w.org\/{rel}","templated":true}]}}