{"id":8782,"date":"2016-08-22T07:52:24","date_gmt":"2016-08-22T05:52:24","guid":{"rendered":"http:\/\/www.careldemari.nl\/weblog\/?p=8782"},"modified":"2016-08-22T17:39:31","modified_gmt":"2016-08-22T15:39:31","slug":"de-buurtbbq-wederom-een-succes","status":"publish","type":"post","link":"https:\/\/www.careldemari.nl\/weblog\/even-serieus\/de-buurtbbq-wederom-een-succes\/","title":{"rendered":"De buurtbbq. wederom een succes"},"content":{"rendered":"<p><a href=\"https:\/\/i0.wp.com\/www.careldemari.nl\/weblog\/wp-content\/uploads\/2016\/08\/buurtbbq2016-2.jpg\"><img data-recalc-dims=\"1\" loading=\"lazy\" decoding=\"async\" data-attachment-id=\"8784\" data-permalink=\"https:\/\/www.careldemari.nl\/weblog\/even-serieus\/de-buurtbbq-wederom-een-succes\/attachment\/buurtbbq2016-2\/\" data-orig-file=\"https:\/\/i0.wp.com\/www.careldemari.nl\/weblog\/wp-content\/uploads\/2016\/08\/buurtbbq2016-2.jpg?fit=480%2C270&amp;ssl=1\" data-orig-size=\"480,270\" data-comments-opened=\"1\" data-image-meta=\"{&quot;aperture&quot;:&quot;0&quot;,&quot;credit&quot;:&quot;&quot;,&quot;camera&quot;:&quot;&quot;,&quot;caption&quot;:&quot;&quot;,&quot;created_timestamp&quot;:&quot;0&quot;,&quot;copyright&quot;:&quot;&quot;,&quot;focal_length&quot;:&quot;0&quot;,&quot;iso&quot;:&quot;0&quot;,&quot;shutter_speed&quot;:&quot;0&quot;,&quot;title&quot;:&quot;&quot;,&quot;orientation&quot;:&quot;0&quot;}\" data-image-title=\"buurtbbq2016-2\" data-image-description=\"\" data-image-caption=\"\" data-medium-file=\"https:\/\/i0.wp.com\/www.careldemari.nl\/weblog\/wp-content\/uploads\/2016\/08\/buurtbbq2016-2.jpg?fit=300%2C169&amp;ssl=1\" data-large-file=\"https:\/\/i0.wp.com\/www.careldemari.nl\/weblog\/wp-content\/uploads\/2016\/08\/buurtbbq2016-2.jpg?fit=480%2C270&amp;ssl=1\" class=\"aligncenter size-full wp-image-8784\" src=\"https:\/\/i0.wp.com\/www.careldemari.nl\/weblog\/wp-content\/uploads\/2016\/08\/buurtbbq2016-2.jpg?resize=480%2C270\" alt=\"buurtbbq2016-2\" width=\"480\" height=\"270\" srcset=\"https:\/\/i0.wp.com\/www.careldemari.nl\/weblog\/wp-content\/uploads\/2016\/08\/buurtbbq2016-2.jpg?w=480&amp;ssl=1 480w, https:\/\/i0.wp.com\/www.careldemari.nl\/weblog\/wp-content\/uploads\/2016\/08\/buurtbbq2016-2.jpg?resize=300%2C169&amp;ssl=1 300w\" sizes=\"auto, (max-width: 480px) 100vw, 480px\" \/><\/a>Tegen half vijf trekken we de voordeur achter ons dicht en schuiven we aan bij de eerste bezoekers van ons jaarlijkse buurtfeestje. Een aantal mannen hebben de tenten al opgezet en het gehuurde springkussen opgeblazen. In de grootste tent staat een lange tafel met banken, in de kleine tent nog een paar statafels. Hilbert van de plaatselijke PLUS is uitgenodigd om een wijnproeverij te houden voor ge\u00efnteresseerden. Hij doet dat uit liefhebberij al is zijn baas natuurlijk best gelukkig met zijn productkennis op dit terrein. Enthousiast laat hij vier witte wijnen passeren, vertelt hij over het gebied waar ze vandaan komen, waar we qua smaak op moeten letten en allerlei andere wetenswaardigheden. Later zullen ros\u00e9 en rood nog volgen. Het derde glas ( steeds niet meer dan een bodempje hoor) neem ik mee naar binnen, ik zal de achterliggende informatie moeten missen. Er ligt namelijk nog een taak op me te wachten. Tegen zessen gaan de barbecues aan en worden de eerste lapjes vlees verwacht. En daarvoor dienen de amuses genoten te worden. Deze keer heb ik gekozen voor gevulde champignons (zie mijn blog van gisteren) en die stonden weliswaar klaar maar moesten nog een kwartiertje de oven in. Het tweede hapje, palingen met monchou&nbsp;&nbsp;moesten nog even in hapklare brokken gesneden en van een prikkertje voorzien&nbsp;worden. Al met al een klusje van een minuut of twintig. Hilbert rondde net zijn verhaal af over de vierde witte, een Zuidafrikaanse. In no time waren de amuses op, complimenten voor de kok, wat een bijzondere hapjes weer! Dat gold trouwens ook voor de andere bijdragen, de wraps, de salades, de hartige taart, allemaal goed verzorgd en heerlijk.<\/p>\n<p>Zo&#8217;n beetje gelijk met de eerste lapjes vlees krijgen de kinderen, ook dat is traditie, een bord patat met een frikandel en wat knakworstje. Het is even stil op de hof, als katjes muizen mauwen ze niet. We kennen geen vaste plaatsen, ik heb wel zo&#8217;n beetje met iedereen gesproken. Heel gezellig, heel geanimeerd, iedereen blij! Voor de kinderen kwam er nog een heel leuke verrassing, ineens stond er een ijskar, nou, dan weet je het wel.<\/p>\n<p>Na het eten speelde Linda nog wat liedjes op haar gitaar, daarbij gesteund door een snel gevormd koor.<\/p>\n<p>Hoewel het weerbericht dreigend was, er was nog heel wat regen te verwachten, viel het reuze mee. Op een paar minuten heftige regen na is het droog gebleven. De tent was waterdicht, dus geen centje pijn. Het was weer een prachtig feest! Volgend jaar doen we het weer!<\/p>\n<p><em>(De foto is van Linda van de Gali\u00ebn)<\/em><\/p>\n","protected":false},"excerpt":{"rendered":"<p>Tegen half vijf trekken we de voordeur achter ons dicht en schuiven we aan bij de eerste bezoekers van ons jaarlijkse buurtfeestje. Een aantal mannen hebben de tenten al opgezet en het gehuurde springkussen opgeblazen. In de grootste tent staat een lange tafel met banken, in de kleine tent nog een paar statafels. Hilbert van&#8230; <a class=\"more-link\" href=\"https:\/\/www.careldemari.nl\/weblog\/even-serieus\/de-buurtbbq-wederom-een-succes\/#more-8782\">Lees verder &rarr;<\/a><\/p>\n","protected":false},"author":1,"featured_media":0,"comment_status":"open","ping_status":"open","sticky":false,"template":"","format":"standard","meta":{"jetpack_post_was_ever_published":false,"_jetpack_newsletter_access":"","_jetpack_dont_email_post_to_subs":false,"_jetpack_newsletter_tier_id":0,"_jetpack_memberships_contains_paywalled_content":false,"_jetpack_memberships_contains_paid_content":false,"footnotes":"","jetpack_publicize_message":"","jetpack_publicize_feature_enabled":true,"jetpack_social_post_already_shared":true,"jetpack_social_options":{"image_generator_settings":{"template":"highway","default_image_id":0,"font":"","enabled":false},"version":2}},"categories":[5],"tags":[],"class_list":["post-8782","post","type-post","status-publish","format-standard","hentry","category-even-serieus","clear"],"jetpack_publicize_connections":[],"jetpack_featured_media_url":"","jetpack_sharing_enabled":true,"jetpack_shortlink":"https:\/\/wp.me\/p5Ubpg-2hE","jetpack-related-posts":[{"id":15691,"url":"https:\/\/www.careldemari.nl\/weblog\/fietsen\/schots\/","url_meta":{"origin":8782,"position":0},"title":"Schots","author":"carel de mari","date":"10 jun 2020","format":false,"excerpt":"Maandag aten we heerlijk bij Het Wapen van Schotland, hier in Hooghalen. Zelfs met de coronabeperkingen een gezellige tent. En een met een Schotse menukaart. Dat wil onder meer zeggen dat er in plaats van bijpassende wijn bijpassende whiskey werd aanbevolen. We hebben het toch maar bij een glaasje wijn\u2026","rel":"","context":"In &quot;fietsen&quot;","block_context":{"text":"fietsen","link":"https:\/\/www.careldemari.nl\/weblog\/category\/fietsen\/"},"img":{"alt_text":"","src":"https:\/\/i0.wp.com\/www.careldemari.nl\/weblog\/wp-content\/uploads\/2020\/06\/wp-1591716386234..jpg?fit=1024%2C708&ssl=1&resize=350%2C200","width":350,"height":200,"srcset":"https:\/\/i0.wp.com\/www.careldemari.nl\/weblog\/wp-content\/uploads\/2020\/06\/wp-1591716386234..jpg?fit=1024%2C708&ssl=1&resize=350%2C200 1x, https:\/\/i0.wp.com\/www.careldemari.nl\/weblog\/wp-content\/uploads\/2020\/06\/wp-1591716386234..jpg?fit=1024%2C708&ssl=1&resize=525%2C300 1.5x, https:\/\/i0.wp.com\/www.careldemari.nl\/weblog\/wp-content\/uploads\/2020\/06\/wp-1591716386234..jpg?fit=1024%2C708&ssl=1&resize=700%2C400 2x"},"classes":[]},{"id":2999,"url":"https:\/\/www.careldemari.nl\/weblog\/uit\/mijn-duim\/de-oude-jemeniet-2\/","url_meta":{"origin":8782,"position":1},"title":"De oude Jemeniet (2)","author":"carel de mari","date":"23 jul 2013","format":false,"excerpt":"Deel 1 \u00a0\"Ik had nog zo gezegd dat we deze reis niet moesten boeken, veel te gevaarlijk\" foeterde Agnes tegen haar Arne. \"Alsof we daar nu nog iets mee opschieten\". Arne van Heuvelhof is wat praktischer ingesteld en weet natuurlijk best dat zo\u2019n mopperende terugblik alleen maar contraproductief werkt. Ze\u2026","rel":"","context":"In &quot;mijn duim&quot;","block_context":{"text":"mijn duim","link":"https:\/\/www.careldemari.nl\/weblog\/category\/uit\/mijn-duim\/"},"img":{"alt_text":"jemeniet","src":"https:\/\/careldemari.files.wordpress.com\/2012\/02\/jemeniet.jpg?w=350&h=200&crop=1","width":350,"height":200},"classes":[]},{"id":12524,"url":"https:\/\/www.careldemari.nl\/weblog\/geloof-me-maar\/partytent\/","url_meta":{"origin":8782,"position":2},"title":"Partytent","author":"carel de mari","date":"9 jul 2018","format":false,"excerpt":"'Carel, ik heb via Marktplaats een partytent gekocht. Zullen we die opzetten voor de barbecue?' 'Kan, hoe groot is dat ding?' Drie bij zes meter en na bestudering van de bouwtekening dat we dat met zijn twee\u00ebn nooit redden. Maar op de BBQ wordt een man of twintig verwacht. Er\u2026","rel":"","context":"In &quot;geloof me maar&quot;","block_context":{"text":"geloof me maar","link":"https:\/\/www.careldemari.nl\/weblog\/category\/geloof-me-maar\/"},"img":{"alt_text":"","src":"https:\/\/i0.wp.com\/www.careldemari.nl\/weblog\/wp-content\/uploads\/2018\/07\/IMG_20180709_080832308_HDR-2.jpg?fit=1024%2C768&ssl=1&resize=350%2C200","width":350,"height":200,"srcset":"https:\/\/i0.wp.com\/www.careldemari.nl\/weblog\/wp-content\/uploads\/2018\/07\/IMG_20180709_080832308_HDR-2.jpg?fit=1024%2C768&ssl=1&resize=350%2C200 1x, https:\/\/i0.wp.com\/www.careldemari.nl\/weblog\/wp-content\/uploads\/2018\/07\/IMG_20180709_080832308_HDR-2.jpg?fit=1024%2C768&ssl=1&resize=525%2C300 1.5x, https:\/\/i0.wp.com\/www.careldemari.nl\/weblog\/wp-content\/uploads\/2018\/07\/IMG_20180709_080832308_HDR-2.jpg?fit=1024%2C768&ssl=1&resize=700%2C400 2x"},"classes":[]},{"id":2081,"url":"https:\/\/www.careldemari.nl\/weblog\/even-serieus\/2081\/","url_meta":{"origin":8782,"position":3},"title":"Kerstfair 2","author":"carel de mari","date":"10 dec 2012","format":false,"excerpt":"De dag begon, en ik kan je verzekeren dat dat niet mijn gewoonte is, met een aflopende wekker. En wat voor een. Die enkele keer dat ik me door gerinkel moet laten wekken neem ik mijn smartphone mee naar boven, ik weet hoe ik daarmee om moet gaan. Met de\u2026","rel":"","context":"In &quot;even serieus&quot;","block_context":{"text":"even serieus","link":"https:\/\/www.careldemari.nl\/weblog\/category\/even-serieus\/"},"img":{"alt_text":"kerstfair banner","src":"https:\/\/careldemari.files.wordpress.com\/2012\/12\/kerstfair-banner.jpg?w=350&h=200&crop=1","width":350,"height":200},"classes":[]},{"id":24124,"url":"https:\/\/www.careldemari.nl\/weblog\/even-serieus\/eendracht-maakt-macht\/","url_meta":{"origin":8782,"position":4},"title":"Eendracht maakt macht","author":"carel de mari","date":"27 okt 2025","format":false,"excerpt":"Eendracht maakt macht, samen staan we sterk. United we stand, de handen ineen staan, \u00e9\u00e9n blok vormen. Aan de andere kant, Hardinxveld Giessendam had (heeft nog?) twee\u00ebndertig kerken om dezelfde god aan te roepen, simpel omdat ze niet allemaal tot op het kleinste detail hetzelfde over hun geloof denken. In\u2026","rel":"","context":"In &quot;even serieus&quot;","block_context":{"text":"even serieus","link":"https:\/\/www.careldemari.nl\/weblog\/category\/even-serieus\/"},"img":{"alt_text":"","src":"https:\/\/i0.wp.com\/www.careldemari.nl\/weblog\/wp-content\/uploads\/2025\/10\/wp-17614940546447921119818403485178.jpg?fit=1024%2C639&ssl=1&resize=350%2C200","width":350,"height":200,"srcset":"https:\/\/i0.wp.com\/www.careldemari.nl\/weblog\/wp-content\/uploads\/2025\/10\/wp-17614940546447921119818403485178.jpg?fit=1024%2C639&ssl=1&resize=350%2C200 1x, https:\/\/i0.wp.com\/www.careldemari.nl\/weblog\/wp-content\/uploads\/2025\/10\/wp-17614940546447921119818403485178.jpg?fit=1024%2C639&ssl=1&resize=525%2C300 1.5x, https:\/\/i0.wp.com\/www.careldemari.nl\/weblog\/wp-content\/uploads\/2025\/10\/wp-17614940546447921119818403485178.jpg?fit=1024%2C639&ssl=1&resize=700%2C400 2x"},"classes":[]},{"id":24469,"url":"https:\/\/www.careldemari.nl\/weblog\/nostalgie\/purple-haze\/","url_meta":{"origin":8782,"position":5},"title":"Purple Haze","author":"carel de mari","date":"4 jan 2026","format":false,"excerpt":"We zetten de tent op in Port Grimaud voor een weekje genieten aan de Mediterran\u00e9e. Mijn eerste echt buitenlandse vakantie, net met groot verlof na een dienstverband in hare majesteits leger. Met de Fiat 850 naar Frankrijk, pff, wat een klim die Ballon d'Alsace. Het autootje had moeite boven te\u2026","rel":"","context":"In &quot;Nostalgie&quot;","block_context":{"text":"Nostalgie","link":"https:\/\/www.careldemari.nl\/weblog\/category\/nostalgie\/"},"img":{"alt_text":"","src":"https:\/\/i0.wp.com\/www.careldemari.nl\/weblog\/wp-content\/uploads\/2026\/01\/wp-17673860030933909140624406295527.jpg?fit=798%2C1024&ssl=1&resize=350%2C200","width":350,"height":200,"srcset":"https:\/\/i0.wp.com\/www.careldemari.nl\/weblog\/wp-content\/uploads\/2026\/01\/wp-17673860030933909140624406295527.jpg?fit=798%2C1024&ssl=1&resize=350%2C200 1x, https:\/\/i0.wp.com\/www.careldemari.nl\/weblog\/wp-content\/uploads\/2026\/01\/wp-17673860030933909140624406295527.jpg?fit=798%2C1024&ssl=1&resize=525%2C300 1.5x, https:\/\/i0.wp.com\/www.careldemari.nl\/weblog\/wp-content\/uploads\/2026\/01\/wp-17673860030933909140624406295527.jpg?fit=798%2C1024&ssl=1&resize=700%2C400 2x"},"classes":[]}],"jetpack_likes_enabled":true,"_links":{"self":[{"href":"https:\/\/www.careldemari.nl\/weblog\/wp-json\/wp\/v2\/posts\/8782","targetHints":{"allow":["GET"]}}],"collection":[{"href":"https:\/\/www.careldemari.nl\/weblog\/wp-json\/wp\/v2\/posts"}],"about":[{"href":"https:\/\/www.careldemari.nl\/weblog\/wp-json\/wp\/v2\/types\/post"}],"author":[{"embeddable":true,"href":"https:\/\/www.careldemari.nl\/weblog\/wp-json\/wp\/v2\/users\/1"}],"replies":[{"embeddable":true,"href":"https:\/\/www.careldemari.nl\/weblog\/wp-json\/wp\/v2\/comments?post=8782"}],"version-history":[{"count":5,"href":"https:\/\/www.careldemari.nl\/weblog\/wp-json\/wp\/v2\/posts\/8782\/revisions"}],"predecessor-version":[{"id":8802,"href":"https:\/\/www.careldemari.nl\/weblog\/wp-json\/wp\/v2\/posts\/8782\/revisions\/8802"}],"wp:attachment":[{"href":"https:\/\/www.careldemari.nl\/weblog\/wp-json\/wp\/v2\/media?parent=8782"}],"wp:term":[{"taxonomy":"category","embeddable":true,"href":"https:\/\/www.careldemari.nl\/weblog\/wp-json\/wp\/v2\/categories?post=8782"},{"taxonomy":"post_tag","embeddable":true,"href":"https:\/\/www.careldemari.nl\/weblog\/wp-json\/wp\/v2\/tags?post=8782"}],"curies":[{"name":"wp","href":"https:\/\/api.w.org\/{rel}","templated":true}]}}